{"id":136,"date":"2015-09-27T05:23:44","date_gmt":"2015-09-27T05:23:44","guid":{"rendered":"http:\/\/sagia.ro\/v2\/fistic-iu\/?p=136"},"modified":"2018-11-27T12:51:31","modified_gmt":"2018-11-27T12:51:31","slug":"duminica-sufletului-meu-2","status":"publish","type":"post","link":"http:\/\/sagia.ro\/v2\/fistic-iu\/duminica-sufletului-meu-2\/","title":{"rendered":"Duminica sufletului meu"},"content":{"rendered":"<div class='watch-action'><div class='watch-position align-right'><div class='action-like'><a class='lbg-style1 like-136 jlk' href='javascript:void(0)' data-task='like' data-post_id='136' data-nonce='2d8f1d0e5d' rel='nofollow'><img class='wti-pixel' src='http:\/\/sagia.ro\/v2\/fistic-iu\/wp-content\/plugins\/wti-like-post\/images\/pixel.gif' title='Like' \/><span class='lc-136 lc'>+12<\/span><\/a><\/div><div class='action-unlike'><a class='unlbg-style1 unlike-136 jlk' href='javascript:void(0)' data-task='unlike' data-post_id='136' data-nonce='2d8f1d0e5d' rel='nofollow'><img class='wti-pixel' src='http:\/\/sagia.ro\/v2\/fistic-iu\/wp-content\/plugins\/wti-like-post\/images\/pixel.gif' title='Unlike' \/><span class='unlc-136 unlc'>-1<\/span><\/a><\/div> <\/div> <div class='status-136 status align-right'><\/div><\/div><div class='wti-clear'><\/div><p style=\"text-align: justify;\">Ast\u0103zi, duminic\u0103, e duminica sufletului meu.<br \/>\nEa se poate petrece de fapt \u00een orice zi din s\u0103pt\u0103m\u00e2n\u0103.<a class=\"dt-single-image\" href=\"http:\/\/sagia.ro\/v2\/fistic-iu\/wp-content\/uploads\/2015\/09\/12038916_1640804882858631_3403899560839457898_o.jpg\" data-dt-img-description=\"\"><img decoding=\"async\" loading=\"lazy\" class=\"alignright wp-image-98\" src=\"http:\/\/sagia.ro\/v2\/fistic-iu\/wp-content\/uploads\/2015\/09\/12038916_1640804882858631_3403899560839457898_o-169x300.jpg\" alt=\"Duminica sufletului meu\" width=\"179\" height=\"318\" \/><\/a><br \/>\n\u00cencepe de diminea\u021ba, \u00eentotdeauna o diminea\u021ba t\u00e2rzie, cu o can\u0103 mare de cafea neagr\u0103, pres\u0103rat cu c\u00e2teva cristale de zah\u0103r \u0219i cu &#8211; neap\u0103rat si t\u00e2mpit &#8211; trei \u021big\u0103ri legate una de alta; \u00eencepe, asa cum spuneam, diminea\u021ba, la umbra b\u0103tr\u0103nului gutui din curtea casei mele.<br \/>\nUn alt obi\u0219nuit ingredient al duminicii sufletului meu este o revist\u0103 de cuvinte \u00eencruci\u0219ate cu pist\u0103 fals\u0103.<br \/>\nSensul cuvintelor m-a fascinat mereu. Nu at\u00e2t sensul conotativ ori denotativ al cuv\u00e2ntului rom\u00e2nesc, c\u00e2t sensul ascuns, perfid al lui.<br \/>\nCa s\u0103 descoperi perfidia din cuvinte, trebuie s\u0103 vezi buzele care le rostesc.<br \/>\nDac\u0103 sunt buze c\u0103rnoase, senzuale, cuvintele, fie ele \u0219i perfide, au iz de dulcea\u021b\u0103 de trandafiri. Ui\u0163i perfidia lor \u015fi le la\u0219i, subliniez: te la\u0219i, sedus&#8230; E vrerea ta, vrei s\u0103 te la\u0219i am\u0103git \u015fi, de aceea, c\u00e2nd adev\u0103rul perfid iese la iveal\u0103 \u00eentr-un mod grotesc &#8211; adic\u0103 \u0163i se spune pe \u015fleau c\u0103 erau ,doar vorbe&#8221;, nu mai po\u0163i fi at\u00e2t de \u015focat. Chiar buzele perfide care le-au rostit r\u0103m\u00e2n t\u0103cute, \u00een\u0163eleg\u00e2nd c\u0103 tu ai dezlegat t\u00e2lcul dintru-nceput.<br \/>\nDac\u0103 acelea\u015fi\u00a0 cuvinte se aud sau se citesc de pe dou\u0103 buze str\u00e2nse ca o linie parc\u0103 trasat\u0103 de un arhitect, la care se mai adaug\u0103 \u015fi privirea a doi ochi vicleni, ascun\u015fi de umbra \u00een\u015fel\u0103toare a unor gene dese &#8211; false \u015fi ele &#8211; false de la natur\u0103, e\u015fti pierdut.<br \/>\nUn alt neap\u0103rat ingredient pentru duminica sufletului meu este \u00eens\u0103 iubirea.<br \/>\nlubirea de-o frunz\u0103 ce se clatin\u0103 lin dinaintea ochilor t\u0103i, ca o m\u00e2ng\u00e2iere, ca m\u00e2ng\u00e2ierea dulce, fin\u0103 \u015fi sfioas\u0103 a obrazului t\u0103u de o m\u00e2n\u0103 la fel de fin\u0103 a unui coleg de liceu, \u00eendr\u0103gostit de tine pe atunci, m\u00e2ng\u00e2iere imortalizat\u0103 \u00eentr-o veche fotografie.<br \/>\nlubirea de-o raz\u0103 de soare, care str\u0103bate \u00eenc\u0103p\u0103\u021b\u00e2nat\u0103 desi\u0219ul umbrarului \u015fi care-\u00eei p\u0103trunde juc\u0103u\u0219a printre degete, cer\u00e2nd parc\u0103 s-o \u00eenchizi \u00een sufletul t\u0103u de duminic\u0103.<br \/>\nlubirea de-o voce cald\u0103, timid\u0103, care-\u021bi \u00eenc\u00e2nt\u0103 auzul \u015fi pe care \u0163i-ai dori s-o p\u0103strezi \u00een sufletul t\u0103u duminical mereu.<br \/>\nA\u015fa se petrece cu mine \u0219i, uneori, f\u0103r\u0103 de mine, duminica sufletului meu.<br \/>\nEa ar trebui s\u0103 se \u00eencheie cu o \u00eembr\u0103\u021bi\u015fare cald\u0103, cu sim\u0163irea c\u0103 \u00een aceast\u0103 \u00eembr\u0103\u021bi\u015fare e pacea sufletului de duminic\u0103.<\/p>\n<p>Niculina Corduneanu<\/p>\n<p>Fragment din cartea \u00een lucru, publicat \u00een revista Semne &#8211; Emia<\/p>\n","protected":false},"excerpt":{"rendered":"<p>+12-1 Ast\u0103zi, duminic\u0103, e duminica sufletului meu. Ea se poate petrece de fapt \u00een orice zi din s\u0103pt\u0103m\u00e2n\u0103. \u00cencepe de diminea\u021ba, \u00eentotdeauna o diminea\u021ba t\u00e2rzie, cu o can\u0103 mare de cafea neagr\u0103, pres\u0103rat cu c\u00e2teva cristale de zah\u0103r \u0219i cu &#8211; neap\u0103rat si t\u00e2mpit &#8211; trei \u021big\u0103ri legate una de alta; \u00eencepe, asa cum spuneam, [&hellip;]<\/p>\n","protected":false},"author":1,"featured_media":0,"comment_status":"open","ping_status":"open","sticky":false,"template":"","format":"standard","meta":{"_mi_skip_tracking":false,"_monsterinsights_sitenote_active":false,"_monsterinsights_sitenote_note":"","_monsterinsights_sitenote_category":0,"_s2mail":"yes","footnotes":""},"categories":[3],"tags":[11,13,14,23],"yoast_head":"<!-- This site is optimized with the Yoast SEO plugin v21.5 - https:\/\/yoast.com\/wordpress\/plugins\/seo\/ -->\n<title>Duminica sufletului meu<\/title>\n<meta name=\"description\" content=\"Duminica sufletului meu...e poate petrece de fapt \u00een orice zi din s\u0103pt\u0103m\u00e2n\u0103\" \/>\n<meta name=\"robots\" content=\"index, follow, max-snippet:-1, max-image-preview:large, max-video-preview:-1\" \/>\n<link rel=\"canonical\" href=\"http:\/\/sagia.ro\/v2\/fistic-iu\/duminica-sufletului-meu-2\/\" \/>\n<meta property=\"og:locale\" content=\"en_US\" \/>\n<meta property=\"og:type\" content=\"article\" \/>\n<meta property=\"og:title\" content=\"Duminica sufletului meu\" \/>\n<meta property=\"og:description\" content=\"Duminica sufletului meu...e poate petrece de fapt \u00een orice zi din s\u0103pt\u0103m\u00e2n\u0103\" \/>\n<meta property=\"og:url\" content=\"http:\/\/sagia.ro\/v2\/fistic-iu\/duminica-sufletului-meu-2\/\" \/>\n<meta property=\"og:site_name\" content=\"FISTIC-IU\" \/>\n<meta property=\"article:author\" content=\"https:\/\/www.facebook.com\/fistic.iu\/\" \/>\n<meta property=\"article:published_time\" content=\"2015-09-27T05:23:44+00:00\" \/>\n<meta property=\"article:modified_time\" content=\"2018-11-27T12:51:31+00:00\" \/>\n<meta property=\"og:image\" content=\"http:\/\/sagia.ro\/v2\/fistic-iu\/wp-content\/uploads\/2015\/09\/12038916_1640804882858631_3403899560839457898_o-169x300.jpg\" \/>\n<meta name=\"author\" content=\"Gladiola Chete\" \/>\n<meta name=\"twitter:card\" content=\"summary_large_image\" \/>\n<meta name=\"twitter:label1\" content=\"Written by\" \/>\n\t<meta name=\"twitter:data1\" content=\"Gladiola Chete\" \/>\n\t<meta name=\"twitter:label2\" content=\"Est. reading time\" \/>\n\t<meta name=\"twitter:data2\" content=\"2 minutes\" \/>\n<script type=\"application\/ld+json\" class=\"yoast-schema-graph\">{\"@context\":\"https:\/\/schema.org\",\"@graph\":[{\"@type\":\"WebPage\",\"@id\":\"http:\/\/sagia.ro\/v2\/fistic-iu\/duminica-sufletului-meu-2\/\",\"url\":\"http:\/\/sagia.ro\/v2\/fistic-iu\/duminica-sufletului-meu-2\/\",\"name\":\"Duminica sufletului meu\",\"isPartOf\":{\"@id\":\"http:\/\/sagia.ro\/v2\/fistic-iu\/#website\"},\"datePublished\":\"2015-09-27T05:23:44+00:00\",\"dateModified\":\"2018-11-27T12:51:31+00:00\",\"author\":{\"@id\":\"http:\/\/sagia.ro\/v2\/fistic-iu\/#\/schema\/person\/68170dcd042a130f7834da0660fd53d1\"},\"description\":\"Duminica sufletului meu...e poate petrece de fapt \u00een orice zi din s\u0103pt\u0103m\u00e2n\u0103\",\"inLanguage\":\"en-US\",\"potentialAction\":[{\"@type\":\"ReadAction\",\"target\":[\"http:\/\/sagia.ro\/v2\/fistic-iu\/duminica-sufletului-meu-2\/\"]}]},{\"@type\":\"WebSite\",\"@id\":\"http:\/\/sagia.ro\/v2\/fistic-iu\/#website\",\"url\":\"http:\/\/sagia.ro\/v2\/fistic-iu\/\",\"name\":\"FISTIC-IU\",\"description\":\"\",\"potentialAction\":[{\"@type\":\"SearchAction\",\"target\":{\"@type\":\"EntryPoint\",\"urlTemplate\":\"http:\/\/sagia.ro\/v2\/fistic-iu\/?s={search_term_string}\"},\"query-input\":\"required name=search_term_string\"}],\"inLanguage\":\"en-US\"},{\"@type\":\"Person\",\"@id\":\"http:\/\/sagia.ro\/v2\/fistic-iu\/#\/schema\/person\/68170dcd042a130f7834da0660fd53d1\",\"name\":\"Gladiola Chete\",\"image\":{\"@type\":\"ImageObject\",\"inLanguage\":\"en-US\",\"@id\":\"http:\/\/sagia.ro\/v2\/fistic-iu\/#\/schema\/person\/image\/\",\"url\":\"http:\/\/0.gravatar.com\/avatar\/90b33fee6fd36108dac95e65da6b353b?s=96&d=mm&r=g\",\"contentUrl\":\"http:\/\/0.gravatar.com\/avatar\/90b33fee6fd36108dac95e65da6b353b?s=96&d=mm&r=g\",\"caption\":\"Gladiola Chete\"},\"sameAs\":[\"https:\/\/www.facebook.com\/fistic.iu\/\"],\"url\":\"http:\/\/sagia.ro\/v2\/fistic-iu\/author\/admin\/\"}]}<\/script>\n<!-- \/ Yoast SEO plugin. -->","yoast_head_json":{"title":"Duminica sufletului meu","description":"Duminica sufletului meu...e poate petrece de fapt \u00een orice zi din s\u0103pt\u0103m\u00e2n\u0103","robots":{"index":"index","follow":"follow","max-snippet":"max-snippet:-1","max-image-preview":"max-image-preview:large","max-video-preview":"max-video-preview:-1"},"canonical":"http:\/\/sagia.ro\/v2\/fistic-iu\/duminica-sufletului-meu-2\/","og_locale":"en_US","og_type":"article","og_title":"Duminica sufletului meu","og_description":"Duminica sufletului meu...e poate petrece de fapt \u00een orice zi din s\u0103pt\u0103m\u00e2n\u0103","og_url":"http:\/\/sagia.ro\/v2\/fistic-iu\/duminica-sufletului-meu-2\/","og_site_name":"FISTIC-IU","article_author":"https:\/\/www.facebook.com\/fistic.iu\/","article_published_time":"2015-09-27T05:23:44+00:00","article_modified_time":"2018-11-27T12:51:31+00:00","og_image":[{"url":"http:\/\/sagia.ro\/v2\/fistic-iu\/wp-content\/uploads\/2015\/09\/12038916_1640804882858631_3403899560839457898_o-169x300.jpg"}],"author":"Gladiola Chete","twitter_card":"summary_large_image","twitter_misc":{"Written by":"Gladiola Chete","Est. reading time":"2 minutes"},"schema":{"@context":"https:\/\/schema.org","@graph":[{"@type":"WebPage","@id":"http:\/\/sagia.ro\/v2\/fistic-iu\/duminica-sufletului-meu-2\/","url":"http:\/\/sagia.ro\/v2\/fistic-iu\/duminica-sufletului-meu-2\/","name":"Duminica sufletului meu","isPartOf":{"@id":"http:\/\/sagia.ro\/v2\/fistic-iu\/#website"},"datePublished":"2015-09-27T05:23:44+00:00","dateModified":"2018-11-27T12:51:31+00:00","author":{"@id":"http:\/\/sagia.ro\/v2\/fistic-iu\/#\/schema\/person\/68170dcd042a130f7834da0660fd53d1"},"description":"Duminica sufletului meu...e poate petrece de fapt \u00een orice zi din s\u0103pt\u0103m\u00e2n\u0103","inLanguage":"en-US","potentialAction":[{"@type":"ReadAction","target":["http:\/\/sagia.ro\/v2\/fistic-iu\/duminica-sufletului-meu-2\/"]}]},{"@type":"WebSite","@id":"http:\/\/sagia.ro\/v2\/fistic-iu\/#website","url":"http:\/\/sagia.ro\/v2\/fistic-iu\/","name":"FISTIC-IU","description":"","potentialAction":[{"@type":"SearchAction","target":{"@type":"EntryPoint","urlTemplate":"http:\/\/sagia.ro\/v2\/fistic-iu\/?s={search_term_string}"},"query-input":"required name=search_term_string"}],"inLanguage":"en-US"},{"@type":"Person","@id":"http:\/\/sagia.ro\/v2\/fistic-iu\/#\/schema\/person\/68170dcd042a130f7834da0660fd53d1","name":"Gladiola Chete","image":{"@type":"ImageObject","inLanguage":"en-US","@id":"http:\/\/sagia.ro\/v2\/fistic-iu\/#\/schema\/person\/image\/","url":"http:\/\/0.gravatar.com\/avatar\/90b33fee6fd36108dac95e65da6b353b?s=96&d=mm&r=g","contentUrl":"http:\/\/0.gravatar.com\/avatar\/90b33fee6fd36108dac95e65da6b353b?s=96&d=mm&r=g","caption":"Gladiola Chete"},"sameAs":["https:\/\/www.facebook.com\/fistic.iu\/"],"url":"http:\/\/sagia.ro\/v2\/fistic-iu\/author\/admin\/"}]}},"post_mailing_queue_ids":[],"_links":{"self":[{"href":"http:\/\/sagia.ro\/v2\/fistic-iu\/wp-json\/wp\/v2\/posts\/136"}],"collection":[{"href":"http:\/\/sagia.ro\/v2\/fistic-iu\/wp-json\/wp\/v2\/posts"}],"about":[{"href":"http:\/\/sagia.ro\/v2\/fistic-iu\/wp-json\/wp\/v2\/types\/post"}],"author":[{"embeddable":true,"href":"http:\/\/sagia.ro\/v2\/fistic-iu\/wp-json\/wp\/v2\/users\/1"}],"replies":[{"embeddable":true,"href":"http:\/\/sagia.ro\/v2\/fistic-iu\/wp-json\/wp\/v2\/comments?post=136"}],"version-history":[{"count":0,"href":"http:\/\/sagia.ro\/v2\/fistic-iu\/wp-json\/wp\/v2\/posts\/136\/revisions"}],"wp:attachment":[{"href":"http:\/\/sagia.ro\/v2\/fistic-iu\/wp-json\/wp\/v2\/media?parent=136"}],"wp:term":[{"taxonomy":"category","embeddable":true,"href":"http:\/\/sagia.ro\/v2\/fistic-iu\/wp-json\/wp\/v2\/categories?post=136"},{"taxonomy":"post_tag","embeddable":true,"href":"http:\/\/sagia.ro\/v2\/fistic-iu\/wp-json\/wp\/v2\/tags?post=136"}],"curies":[{"name":"wp","href":"https:\/\/api.w.org\/{rel}","templated":true}]}}